{"id":23250,"date":"2021-01-01T11:50:00","date_gmt":"2021-01-01T11:50:00","guid":{"rendered":"https:\/\/masvicens.com\/?p=23250"},"modified":"2022-12-15T11:24:20","modified_gmt":"2022-12-15T11:24:20","slug":"los-multiples-beneficios-de-la-nieve","status":"publish","type":"post","link":"https:\/\/masvicens.com\/es\/los-multiples-beneficios-de-la-nieve\/","title":{"rendered":"Los m\u00faltiples beneficios de la nieve"},"content":{"rendered":"<p>[et_pb_section fb_built=&#8221;1&#8243; admin_label=&#8221;section&#8221; _builder_version=&#8221;4.16&#8243; custom_margin=&#8221;0px||||false|false&#8221; custom_padding=&#8221;0px||||false|false&#8221; global_colors_info=&#8221;{}&#8221; theme_builder_area=&#8221;post_content&#8221;][et_pb_row admin_label=&#8221;row&#8221; _builder_version=&#8221;4.16&#8243; background_size=&#8221;initial&#8221; background_position=&#8221;top_left&#8221; background_repeat=&#8221;repeat&#8221; global_colors_info=&#8221;{}&#8221; theme_builder_area=&#8221;post_content&#8221;][et_pb_column type=&#8221;4_4&#8243; _builder_version=&#8221;4.16&#8243; custom_padding=&#8221;|||&#8221; global_colors_info=&#8221;{}&#8221; custom_padding__hover=&#8221;|||&#8221; theme_builder_area=&#8221;post_content&#8221;][et_pb_text admin_label=&#8221;Text&#8221; _builder_version=&#8221;4.16&#8243; text_font=&#8221;Open Sans||||||||&#8221; text_font_size=&#8221;18px&#8221; text_line_height=&#8221;1.8em&#8221; header_3_font=&#8221;Open Sans|600|||||||&#8221; header_3_font_size=&#8221;26px&#8221; header_3_line_height=&#8221;1.3em&#8221; background_size=&#8221;initial&#8221; background_position=&#8221;top_left&#8221; background_repeat=&#8221;repeat&#8221; global_colors_info=&#8221;{}&#8221; theme_builder_area=&#8221;post_content&#8221;]<\/p>\n<p><span>Dentro de unos a\u00f1os no s\u00e9 si recordaremos el nombre del temporal (Filomena) pero seguro que nos quedar\u00e1n grabados en nuestra retina las preciosas im\u00e1genes que nos est\u00e1 ofreciendo. <\/span><\/p>\n<p><strong>\u00a1Hac\u00eda tiempo que no ve\u00edamos tal cantidad de nieve! <\/strong><\/p>\n<p><span>Los<\/span><span>\u00a0vi\u00f1edos, el cereal, los olivos y otros cultivos, tambi\u00e9n recordar\u00e1n esta\u00a0<\/span><span>nevada, ya que<\/span><span>\u00a0<strong>alimentar\u00e1 los vi\u00f1edos durante muchos y muchos d\u00edas.<\/strong> La nieve hace saz\u00f3n, recuerdan los m\u00e1s ancianos del pueblo. <\/span><\/p>\n<p><span>Se refieren precisamente a estos beneficios que da la nieve en la tierra; por un lado,<strong> la aportaci\u00f3n de humedad en un largo per\u00edodo de tiempo<\/strong>, pero tambi\u00e9n va bien po<strong>r la descomposici\u00f3n de los terrones<\/strong> y por las bajas temperaturas que acompa\u00f1an, que permitir\u00e1n<strong> respetar el ciclo vegetativo y evitar m\u00faltiples hongo<\/strong>s e insectos poco deseados.\u00a0<\/span><\/p>\n<p><span>\u00a1Bienvenida<\/span><span>\u00a0nieve, siempre!<\/span><\/p>\n<p>[\/et_pb_text][\/et_pb_column][\/et_pb_row][\/et_pb_section]<\/p>\n","protected":false},"excerpt":{"rendered":"<p>Dentro de unos a\u00f1os no s\u00e9 si recordaremos el nombre del temporal (Filomena) pero seguro que nos quedar\u00e1n grabados en nuestra retina las preciosas im\u00e1genes que nos est\u00e1 ofreciendo. \u00a1Hac\u00eda tiempo que no ve\u00edamos tal cantidad de nieve! Los\u00a0vi\u00f1edos, el cereal, los olivos y otros cultivos, tambi\u00e9n recordar\u00e1n esta\u00a0nevada, ya que\u00a0alimentar\u00e1 los vi\u00f1edos durante muchos [&hellip;]<\/p>\n","protected":false},"author":12,"featured_media":19967,"comment_status":"open","ping_status":"closed","sticky":false,"template":"","format":"standard","meta":{"_et_pb_use_builder":"on","_et_pb_old_content":"<!-- wp:heading {\"level\":3} -->\n<h3>Verano, brisa, mar y un buen vino rosado. Suave al paladar, fresco y sus aromas frutales que invaden tus sentidos.<\/h3>\n<!-- \/wp:heading -->\n\n<!-- wp:paragraph -->\n<p>Hablar de maridajes entre vinos tintos y blancos es lo m\u00e1s com\u00fan. Tendemos a olvidar a los vinos rosados y su especial encanto, que as\u00ed como los otros vinos tambi\u00e9n tiene sus variedades y muchas formas de maridarlo con deliciosos platos. En <a href=\"https:\/\/masvicens.com\"><strong>Mas Vicen\u00e7<\/strong><\/a> hemos preparado un maridajes de vino rosado que os encantar\u00e1, con nuestro <a href=\"\/?p=642\">Flors i Violes de Mas Vicen\u00e7<\/a> como estrella envitada (como no pod\u00eda ser de otra forma, claro ;))<\/p>\n<!-- \/wp:paragraph -->\n\n<!-- wp:core-embed\/youtube {\"url\":\"https:\/\/www.youtube.com\/watch?v=ujEh-KUUsRM\",\"type\":\"video\",\"providerNameSlug\":\"youtube\",\"className\":\"wp-embed-aspect-16-9 wp-has-aspect-ratio\"} -->\n<figure class=\"wp-block-embed-youtube wp-block-embed is-type-video is-provider-youtube wp-embed-aspect-16-9 wp-has-aspect-ratio\"><div class=\"wp-block-embed__wrapper\">\nhttps:\/\/www.youtube.com\/watch?v=ujEh-KUUsRM\n<\/div><figcaption>Maridajes de vino rosado: El Flors i Violes<\/figcaption><\/figure>\n<!-- \/wp:core-embed\/youtube -->\n\n<!-- wp:paragraph -->\n<p>Pero antes de hablar del maridaje perfecto nos centraremos primero en su elaboraci\u00f3n, con un poco de historia sobre c\u00f3mo el<strong> <\/strong><a href=\"\/?p=642\"><strong>Flors i Violes<\/strong><\/a> es uno de los vinos m\u00e1s representativos de <a href=\"https:\/\/masvicens.com\"><strong>Mas Vicen\u00e7<\/strong><\/a>. <\/p>\n<!-- \/wp:paragraph -->\n\n<!-- wp:image {\"align\":\"right\",\"id\":19811,\"width\":374,\"height\":560,\"sizeSlug\":\"large\"} -->\n<div class=\"wp-block-image\"><figure class=\"alignright size-large is-resized\"><img src=\"https:\/\/masvicens.com\/wp-content\/uploads\/2021\/06\/msv_maridatges2021_-35-1-scaled-684x1024.jpg\" alt=\"Maridajes de vino rosado: El Flors i Violes\" class=\"wp-image-19811\" width=\"374\" height=\"560\"\/><figcaption>El Flors i Violes | Mas Vicen\u00e7<\/figcaption><\/figure><\/div>\n<!-- \/wp:image -->\n\n<!-- wp:paragraph -->\n<p>El <a href=\"\/?p=642\"><strong>Flors i Violes<\/strong><\/a>, el rosado de la casa que naci\u00f3 como commemoraci\u00f3n a los 10 a\u00f1os de la Mas Vicen\u00e7. Especial menci\u00f3n para el vino de la cosecha 2020, memorable por la vendimia tard\u00eda de la garnacha, lo cual permiti\u00f3 alargar su proceso de maduraci\u00f3n sin riesgo.\u00a0<\/p>\n<!-- \/wp:paragraph -->\n\n<!-- wp:paragraph -->\n<p>El vino rosado es posible encontrarlo en diferentes tonalidades, el <a href=\"\/?p=642\"><strong>Flors i Violes<\/strong><\/a> en concreto tiene una capa media tirando a rosado oscuro. Su color es fino con un recuerdo asalmonado, pero se pueden encontrar m\u00e1s p\u00e1lidos e intensos. El tono de los vinos rosados depende de la maceraci\u00f3n en las pieles de la uva negra, los vinos rosados vienen 100% de uvas negras y su piel nos da el color del vino y su estructura.<\/p>\n<!-- \/wp:paragraph -->\n\n<!-- wp:heading {\"level\":3} -->\n<h3>\u00bfComo maridar El Flors i Violes?<\/h3>\n<!-- \/wp:heading -->\n\n<!-- wp:paragraph -->\n<p>Por su apariencia, con un color muy fino y poca estructura, los vinos rosados suelen ser acompa\u00f1ados por ensaladas con productos de temporada, y por qu\u00e9 no con un buen plato de pasta, que desengrasa y agrega un toque divertido al paladar. Su punto refrescante limpia la boca entre bocado y bocado.<\/p>\n<!-- \/wp:paragraph -->\n\n<!-- wp:paragraph -->\n<p>En este maridaje de vinos rosados, encontramos que el <a href=\"\/?p=642\"><strong>Flors i Violes<\/strong><\/a> marida perfecto con una noche de tapas o fusion\u00e1ndolo con la cocina mediterr\u00e1nea y asi\u00e1tica: arroces, sushi, carpaccios o tartares, con aromas ecl\u00e9cticos que juegan mucho con el toque afrutado que tiene este vino en particular.\u00a0<\/p>\n<!-- \/wp:paragraph -->\n\n<!-- wp:paragraph -->\n<p><\/p>\n<!-- \/wp:paragraph -->\n\n<!-- wp:paragraph -->\n<p><\/p>\n<!-- \/wp:paragraph -->\n\n<!-- wp:image {\"align\":\"left\",\"id\":19815,\"width\":568,\"height\":379,\"sizeSlug\":\"large\"} -->\n<div class=\"wp-block-image\"><figure class=\"alignleft size-large is-resized\"><img src=\"https:\/\/masvicens.com\/wp-content\/uploads\/2021\/06\/msv_maridatges2021_-6-scaled-1024x684.jpg\" alt=\"Maridajes de vino rosado: El Flors i Violes\" class=\"wp-image-19815\" width=\"568\" height=\"379\"\/><figcaption>Maridajes de vino rosado: El Flors i Violes<\/figcaption><\/figure><\/div>\n<!-- \/wp:image -->\n\n<!-- wp:paragraph -->\n<p><\/p>\n<!-- \/wp:paragraph -->\n\n<!-- wp:paragraph -->\n<p><\/p>\n<!-- \/wp:paragraph -->\n\n<!-- wp:paragraph -->\n<p>Tendemos a pensar en los vinos rosados como vinos de verano, pero lo cierto es que son perfectamente v\u00e1lidos durante otras \u00e9pocas del a\u00f1o, como por ejemplo navidad. Tambi\u00e9n es posible maridarlos con entrantes, ya que tienen un poco m\u00e1s de volumen que un vino blanco joven y por tal raz\u00f3n acompa\u00f1an muy bien con quesos blandos como el queso de cabra, Camembert y Brie, y con platos de pasta que tienen m\u00e1s consistencia.<\/p>\n<!-- \/wp:paragraph -->\n\n<!-- wp:paragraph -->\n<p><\/p>\n<!-- \/wp:paragraph -->\n\n<!-- wp:paragraph -->\n<p><\/p>\n<!-- \/wp:paragraph -->\n\n<!-- wp:paragraph -->\n<p><\/p>\n<!-- \/wp:paragraph -->\n\n<!-- wp:paragraph -->\n<p>Disfrutad de todos los maridajes que pueden incluir el <a href=\"\/?p=642\"><strong>Flors i Violes<\/strong><\/a>, un vino para toda ocasi\u00f3n, sin olvidar que este vino debe estar siempre fr\u00edo pero no en exceso, debe estar un poco m\u00e1s caliente que un vino blanco y estar m\u00e1s fr\u00edo que un vino tinto. \u00bfNos cont\u00e1is con qu\u00e9 us gusta a vosotrxs maridar un vino rosado como el Flors i Violes?<\/p>\n<!-- \/wp:paragraph -->\n\n<!-- wp:paragraph -->\n<p>Salud!<\/p>\n<!-- \/wp:paragraph -->","_et_gb_content_width":"1080","inline_featured_image":false,"_joinchat":[],"footnotes":""},"categories":[39],"tags":[54],"class_list":["post-23250","post","type-post","status-publish","format-standard","has-post-thumbnail","hentry","category-blog","tag-el-flors-i-violes"],"yoast_head":"<!-- This site is optimized with the Yoast SEO plugin v27.4 - https:\/\/yoast.com\/product\/yoast-seo-wordpress\/ -->\n<title>Los m\u00faltiples beneficios de la nieve - Bodega Mas Vicen\u00e7<\/title>\n<meta name=\"description\" content=\"\u00bfQuieres saber los beneficios de la nieve para los vi\u00f1edos? Desc\u00fabrelos en nuestro \u00faltimo post en el blog. Mas Vicen\u00e7.\" \/>\n<meta name=\"robots\" content=\"index, follow, max-snippet:-1, max-image-preview:large, max-video-preview:-1\" \/>\n<link rel=\"canonical\" href=\"https:\/\/masvicens.com\/es\/los-multiples-beneficios-de-la-nieve\/\" \/>\n<meta property=\"og:locale\" content=\"es_ES\" \/>\n<meta property=\"og:type\" content=\"article\" \/>\n<meta property=\"og:title\" content=\"Los m\u00faltiples beneficios de la nieve - Bodega Mas Vicen\u00e7\" \/>\n<meta property=\"og:description\" content=\"\u00bfQuieres saber los beneficios de la nieve para los vi\u00f1edos? Desc\u00fabrelos en nuestro \u00faltimo post en el blog. Mas Vicen\u00e7.\" \/>\n<meta property=\"og:url\" content=\"https:\/\/masvicens.com\/es\/los-multiples-beneficios-de-la-nieve\/\" \/>\n<meta property=\"og:site_name\" content=\"Celler Mas Vicen\u00e7 | Re-evolucionant la tradici\u00f3\" \/>\n<meta property=\"article:published_time\" content=\"2021-01-01T11:50:00+00:00\" \/>\n<meta property=\"article:modified_time\" content=\"2022-12-15T11:24:20+00:00\" \/>\n<meta property=\"og:image\" content=\"https:\/\/masvicens.com\/wp-content\/uploads\/2021\/01\/verema-2021-1024x473-1.jpeg\" \/>\n\t<meta property=\"og:image:width\" content=\"1024\" \/>\n\t<meta property=\"og:image:height\" content=\"473\" \/>\n\t<meta property=\"og:image:type\" content=\"image\/jpeg\" \/>\n<meta name=\"author\" content=\"Xavier Ferr\u00e9\" \/>\n<meta name=\"twitter:card\" content=\"summary_large_image\" \/>\n<meta name=\"twitter:creator\" content=\"@2021-08-12 07:00:18\" \/>\n<meta name=\"twitter:label1\" content=\"Escrito por\" \/>\n\t<meta name=\"twitter:data1\" content=\"Xavier Ferr\u00e9\" \/>\n\t<meta name=\"twitter:label2\" content=\"Tiempo de lectura\" \/>\n\t<meta name=\"twitter:data2\" content=\"1 minuto\" \/>\n<script type=\"application\/ld+json\" class=\"yoast-schema-graph\">{\"@context\":\"https:\\\/\\\/schema.org\",\"@graph\":[{\"@type\":\"Article\",\"@id\":\"https:\\\/\\\/masvicens.com\\\/es\\\/los-multiples-beneficios-de-la-nieve\\\/#article\",\"isPartOf\":{\"@id\":\"https:\\\/\\\/masvicens.com\\\/es\\\/los-multiples-beneficios-de-la-nieve\\\/\"},\"author\":{\"name\":\"Xavier Ferr\u00e9\",\"@id\":\"https:\\\/\\\/masvicens.com\\\/es\\\/#\\\/schema\\\/person\\\/6d0fc38fa970005c8840ccd069984374\"},\"headline\":\"Los m\u00faltiples beneficios de la nieve\",\"datePublished\":\"2021-01-01T11:50:00+00:00\",\"dateModified\":\"2022-12-15T11:24:20+00:00\",\"mainEntityOfPage\":{\"@id\":\"https:\\\/\\\/masvicens.com\\\/es\\\/los-multiples-beneficios-de-la-nieve\\\/\"},\"wordCount\":292,\"commentCount\":0,\"image\":{\"@id\":\"https:\\\/\\\/masvicens.com\\\/es\\\/los-multiples-beneficios-de-la-nieve\\\/#primaryimage\"},\"thumbnailUrl\":\"https:\\\/\\\/masvicens.com\\\/wp-content\\\/uploads\\\/2021\\\/01\\\/verema-2021-1024x473-1.jpeg\",\"keywords\":[\"el flors I violes\"],\"articleSection\":[\"Blog\"],\"inLanguage\":\"es\",\"potentialAction\":[{\"@type\":\"CommentAction\",\"name\":\"Comment\",\"target\":[\"https:\\\/\\\/masvicens.com\\\/es\\\/los-multiples-beneficios-de-la-nieve\\\/#respond\"]}]},{\"@type\":\"WebPage\",\"@id\":\"https:\\\/\\\/masvicens.com\\\/es\\\/los-multiples-beneficios-de-la-nieve\\\/\",\"url\":\"https:\\\/\\\/masvicens.com\\\/es\\\/los-multiples-beneficios-de-la-nieve\\\/\",\"name\":\"Los m\u00faltiples beneficios de la nieve - Bodega Mas Vicen\u00e7\",\"isPartOf\":{\"@id\":\"https:\\\/\\\/masvicens.com\\\/es\\\/#website\"},\"primaryImageOfPage\":{\"@id\":\"https:\\\/\\\/masvicens.com\\\/es\\\/los-multiples-beneficios-de-la-nieve\\\/#primaryimage\"},\"image\":{\"@id\":\"https:\\\/\\\/masvicens.com\\\/es\\\/los-multiples-beneficios-de-la-nieve\\\/#primaryimage\"},\"thumbnailUrl\":\"https:\\\/\\\/masvicens.com\\\/wp-content\\\/uploads\\\/2021\\\/01\\\/verema-2021-1024x473-1.jpeg\",\"datePublished\":\"2021-01-01T11:50:00+00:00\",\"dateModified\":\"2022-12-15T11:24:20+00:00\",\"author\":{\"@id\":\"https:\\\/\\\/masvicens.com\\\/es\\\/#\\\/schema\\\/person\\\/6d0fc38fa970005c8840ccd069984374\"},\"description\":\"\u00bfQuieres saber los beneficios de la nieve para los vi\u00f1edos? Desc\u00fabrelos en nuestro \u00faltimo post en el blog. Mas Vicen\u00e7.\",\"breadcrumb\":{\"@id\":\"https:\\\/\\\/masvicens.com\\\/es\\\/los-multiples-beneficios-de-la-nieve\\\/#breadcrumb\"},\"inLanguage\":\"es\",\"potentialAction\":[{\"@type\":\"ReadAction\",\"target\":[\"https:\\\/\\\/masvicens.com\\\/es\\\/los-multiples-beneficios-de-la-nieve\\\/\"]}]},{\"@type\":\"ImageObject\",\"inLanguage\":\"es\",\"@id\":\"https:\\\/\\\/masvicens.com\\\/es\\\/los-multiples-beneficios-de-la-nieve\\\/#primaryimage\",\"url\":\"https:\\\/\\\/masvicens.com\\\/wp-content\\\/uploads\\\/2021\\\/01\\\/verema-2021-1024x473-1.jpeg\",\"contentUrl\":\"https:\\\/\\\/masvicens.com\\\/wp-content\\\/uploads\\\/2021\\\/01\\\/verema-2021-1024x473-1.jpeg\",\"width\":1024,\"height\":473,\"caption\":\"Beneficios de la nieve en vi\u00f1edos\"},{\"@type\":\"BreadcrumbList\",\"@id\":\"https:\\\/\\\/masvicens.com\\\/es\\\/los-multiples-beneficios-de-la-nieve\\\/#breadcrumb\",\"itemListElement\":[{\"@type\":\"ListItem\",\"position\":1,\"name\":\"Portada\",\"item\":\"https:\\\/\\\/masvicens.com\\\/es\\\/\"},{\"@type\":\"ListItem\",\"position\":2,\"name\":\"Los m\u00faltiples beneficios de la nieve\"}]},{\"@type\":\"WebSite\",\"@id\":\"https:\\\/\\\/masvicens.com\\\/es\\\/#website\",\"url\":\"https:\\\/\\\/masvicens.com\\\/es\\\/\",\"name\":\"Celler Mas Vicen\u00e7 | Re-evolucionant la tradici\u00f3\",\"description\":\"Veniu a viure l&#039;enoturisme i a con\u00e8ixer la nostra col\u00b7lecci\u00f3 de vins elaborats amb la millor selecci\u00f3 de ra\u00efm del nostre celler a Tarragona.\",\"potentialAction\":[{\"@type\":\"SearchAction\",\"target\":{\"@type\":\"EntryPoint\",\"urlTemplate\":\"https:\\\/\\\/masvicens.com\\\/es\\\/?s={search_term_string}\"},\"query-input\":{\"@type\":\"PropertyValueSpecification\",\"valueRequired\":true,\"valueName\":\"search_term_string\"}}],\"inLanguage\":\"es\"},{\"@type\":\"Person\",\"@id\":\"https:\\\/\\\/masvicens.com\\\/es\\\/#\\\/schema\\\/person\\\/6d0fc38fa970005c8840ccd069984374\",\"name\":\"Xavier Ferr\u00e9\",\"image\":{\"@type\":\"ImageObject\",\"inLanguage\":\"es\",\"@id\":\"https:\\\/\\\/secure.gravatar.com\\\/avatar\\\/e1ca51cbb5db58fe138041d69b533e07be3481217d71a32a81e02433752d1df5?s=96&d=mm&r=g\",\"url\":\"https:\\\/\\\/secure.gravatar.com\\\/avatar\\\/e1ca51cbb5db58fe138041d69b533e07be3481217d71a32a81e02433752d1df5?s=96&d=mm&r=g\",\"contentUrl\":\"https:\\\/\\\/secure.gravatar.com\\\/avatar\\\/e1ca51cbb5db58fe138041d69b533e07be3481217d71a32a81e02433752d1df5?s=96&d=mm&r=g\",\"caption\":\"Xavier Ferr\u00e9\"},\"sameAs\":[\"https:\\\/\\\/x.com\\\/2021-08-12 07:00:18\"],\"url\":\"https:\\\/\\\/masvicens.com\\\/es\\\/author\\\/xavier\\\/\"}]}<\/script>\n<!-- \/ Yoast SEO plugin. -->","yoast_head_json":{"title":"Los m\u00faltiples beneficios de la nieve - Bodega Mas Vicen\u00e7","description":"\u00bfQuieres saber los beneficios de la nieve para los vi\u00f1edos? Desc\u00fabrelos en nuestro \u00faltimo post en el blog. Mas Vicen\u00e7.","robots":{"index":"index","follow":"follow","max-snippet":"max-snippet:-1","max-image-preview":"max-image-preview:large","max-video-preview":"max-video-preview:-1"},"canonical":"https:\/\/masvicens.com\/es\/los-multiples-beneficios-de-la-nieve\/","og_locale":"es_ES","og_type":"article","og_title":"Los m\u00faltiples beneficios de la nieve - Bodega Mas Vicen\u00e7","og_description":"\u00bfQuieres saber los beneficios de la nieve para los vi\u00f1edos? Desc\u00fabrelos en nuestro \u00faltimo post en el blog. Mas Vicen\u00e7.","og_url":"https:\/\/masvicens.com\/es\/los-multiples-beneficios-de-la-nieve\/","og_site_name":"Celler Mas Vicen\u00e7 | Re-evolucionant la tradici\u00f3","article_published_time":"2021-01-01T11:50:00+00:00","article_modified_time":"2022-12-15T11:24:20+00:00","og_image":[{"width":1024,"height":473,"url":"https:\/\/masvicens.com\/wp-content\/uploads\/2021\/01\/verema-2021-1024x473-1.jpeg","type":"image\/jpeg"}],"author":"Xavier Ferr\u00e9","twitter_card":"summary_large_image","twitter_creator":"@2021-08-12 07:00:18","twitter_misc":{"Escrito por":"Xavier Ferr\u00e9","Tiempo de lectura":"1 minuto"},"schema":{"@context":"https:\/\/schema.org","@graph":[{"@type":"Article","@id":"https:\/\/masvicens.com\/es\/los-multiples-beneficios-de-la-nieve\/#article","isPartOf":{"@id":"https:\/\/masvicens.com\/es\/los-multiples-beneficios-de-la-nieve\/"},"author":{"name":"Xavier Ferr\u00e9","@id":"https:\/\/masvicens.com\/es\/#\/schema\/person\/6d0fc38fa970005c8840ccd069984374"},"headline":"Los m\u00faltiples beneficios de la nieve","datePublished":"2021-01-01T11:50:00+00:00","dateModified":"2022-12-15T11:24:20+00:00","mainEntityOfPage":{"@id":"https:\/\/masvicens.com\/es\/los-multiples-beneficios-de-la-nieve\/"},"wordCount":292,"commentCount":0,"image":{"@id":"https:\/\/masvicens.com\/es\/los-multiples-beneficios-de-la-nieve\/#primaryimage"},"thumbnailUrl":"https:\/\/masvicens.com\/wp-content\/uploads\/2021\/01\/verema-2021-1024x473-1.jpeg","keywords":["el flors I violes"],"articleSection":["Blog"],"inLanguage":"es","potentialAction":[{"@type":"CommentAction","name":"Comment","target":["https:\/\/masvicens.com\/es\/los-multiples-beneficios-de-la-nieve\/#respond"]}]},{"@type":"WebPage","@id":"https:\/\/masvicens.com\/es\/los-multiples-beneficios-de-la-nieve\/","url":"https:\/\/masvicens.com\/es\/los-multiples-beneficios-de-la-nieve\/","name":"Los m\u00faltiples beneficios de la nieve - Bodega Mas Vicen\u00e7","isPartOf":{"@id":"https:\/\/masvicens.com\/es\/#website"},"primaryImageOfPage":{"@id":"https:\/\/masvicens.com\/es\/los-multiples-beneficios-de-la-nieve\/#primaryimage"},"image":{"@id":"https:\/\/masvicens.com\/es\/los-multiples-beneficios-de-la-nieve\/#primaryimage"},"thumbnailUrl":"https:\/\/masvicens.com\/wp-content\/uploads\/2021\/01\/verema-2021-1024x473-1.jpeg","datePublished":"2021-01-01T11:50:00+00:00","dateModified":"2022-12-15T11:24:20+00:00","author":{"@id":"https:\/\/masvicens.com\/es\/#\/schema\/person\/6d0fc38fa970005c8840ccd069984374"},"description":"\u00bfQuieres saber los beneficios de la nieve para los vi\u00f1edos? Desc\u00fabrelos en nuestro \u00faltimo post en el blog. Mas Vicen\u00e7.","breadcrumb":{"@id":"https:\/\/masvicens.com\/es\/los-multiples-beneficios-de-la-nieve\/#breadcrumb"},"inLanguage":"es","potentialAction":[{"@type":"ReadAction","target":["https:\/\/masvicens.com\/es\/los-multiples-beneficios-de-la-nieve\/"]}]},{"@type":"ImageObject","inLanguage":"es","@id":"https:\/\/masvicens.com\/es\/los-multiples-beneficios-de-la-nieve\/#primaryimage","url":"https:\/\/masvicens.com\/wp-content\/uploads\/2021\/01\/verema-2021-1024x473-1.jpeg","contentUrl":"https:\/\/masvicens.com\/wp-content\/uploads\/2021\/01\/verema-2021-1024x473-1.jpeg","width":1024,"height":473,"caption":"Beneficios de la nieve en vi\u00f1edos"},{"@type":"BreadcrumbList","@id":"https:\/\/masvicens.com\/es\/los-multiples-beneficios-de-la-nieve\/#breadcrumb","itemListElement":[{"@type":"ListItem","position":1,"name":"Portada","item":"https:\/\/masvicens.com\/es\/"},{"@type":"ListItem","position":2,"name":"Los m\u00faltiples beneficios de la nieve"}]},{"@type":"WebSite","@id":"https:\/\/masvicens.com\/es\/#website","url":"https:\/\/masvicens.com\/es\/","name":"Celler Mas Vicen\u00e7 | Re-evolucionant la tradici\u00f3","description":"Veniu a viure l&#039;enoturisme i a con\u00e8ixer la nostra col\u00b7lecci\u00f3 de vins elaborats amb la millor selecci\u00f3 de ra\u00efm del nostre celler a Tarragona.","potentialAction":[{"@type":"SearchAction","target":{"@type":"EntryPoint","urlTemplate":"https:\/\/masvicens.com\/es\/?s={search_term_string}"},"query-input":{"@type":"PropertyValueSpecification","valueRequired":true,"valueName":"search_term_string"}}],"inLanguage":"es"},{"@type":"Person","@id":"https:\/\/masvicens.com\/es\/#\/schema\/person\/6d0fc38fa970005c8840ccd069984374","name":"Xavier Ferr\u00e9","image":{"@type":"ImageObject","inLanguage":"es","@id":"https:\/\/secure.gravatar.com\/avatar\/e1ca51cbb5db58fe138041d69b533e07be3481217d71a32a81e02433752d1df5?s=96&d=mm&r=g","url":"https:\/\/secure.gravatar.com\/avatar\/e1ca51cbb5db58fe138041d69b533e07be3481217d71a32a81e02433752d1df5?s=96&d=mm&r=g","contentUrl":"https:\/\/secure.gravatar.com\/avatar\/e1ca51cbb5db58fe138041d69b533e07be3481217d71a32a81e02433752d1df5?s=96&d=mm&r=g","caption":"Xavier Ferr\u00e9"},"sameAs":["https:\/\/x.com\/2021-08-12 07:00:18"],"url":"https:\/\/masvicens.com\/es\/author\/xavier\/"}]}},"_links":{"self":[{"href":"https:\/\/masvicens.com\/es\/wp-json\/wp\/v2\/posts\/23250","targetHints":{"allow":["GET"]}}],"collection":[{"href":"https:\/\/masvicens.com\/es\/wp-json\/wp\/v2\/posts"}],"about":[{"href":"https:\/\/masvicens.com\/es\/wp-json\/wp\/v2\/types\/post"}],"author":[{"embeddable":true,"href":"https:\/\/masvicens.com\/es\/wp-json\/wp\/v2\/users\/12"}],"replies":[{"embeddable":true,"href":"https:\/\/masvicens.com\/es\/wp-json\/wp\/v2\/comments?post=23250"}],"version-history":[{"count":0,"href":"https:\/\/masvicens.com\/es\/wp-json\/wp\/v2\/posts\/23250\/revisions"}],"wp:featuredmedia":[{"embeddable":true,"href":"https:\/\/masvicens.com\/es\/wp-json\/wp\/v2\/media\/19967"}],"wp:attachment":[{"href":"https:\/\/masvicens.com\/es\/wp-json\/wp\/v2\/media?parent=23250"}],"wp:term":[{"taxonomy":"category","embeddable":true,"href":"https:\/\/masvicens.com\/es\/wp-json\/wp\/v2\/categories?post=23250"},{"taxonomy":"post_tag","embeddable":true,"href":"https:\/\/masvicens.com\/es\/wp-json\/wp\/v2\/tags?post=23250"}],"curies":[{"name":"wp","href":"https:\/\/api.w.org\/{rel}","templated":true}]}}