{"id":28303,"date":"2024-05-16T08:55:10","date_gmt":"2024-05-16T08:55:10","guid":{"rendered":"https:\/\/masvicens.com\/?p=28303"},"modified":"2025-04-30T00:14:14","modified_gmt":"2025-04-30T00:14:14","slug":"amfora-del-mar","status":"publish","type":"post","link":"https:\/\/masvicens.com\/fr\/amfora-del-mar\/","title":{"rendered":"\u00c0mfora del mar"},"content":{"rendered":"<p>[et_pb_section fb_built=&#8221;1&#8243; admin_label=&#8221;section&#8221; _builder_version=&#8221;4.16&#8243; custom_margin=&#8221;0px||||false|false&#8221; custom_padding=&#8221;0px||||false|false&#8221; global_colors_info=&#8221;{}&#8221; theme_builder_area=&#8221;post_content&#8221;][et_pb_row column_structure=&#8221;1_2,1_2&#8243; _builder_version=&#8221;4.21.0&#8243; _module_preset=&#8221;default&#8221; global_colors_info=&#8221;{}&#8221; theme_builder_area=&#8221;post_content&#8221;][et_pb_column type=&#8221;1_2&#8243; _builder_version=&#8221;4.21.0&#8243; _module_preset=&#8221;default&#8221; global_colors_info=&#8221;{}&#8221; theme_builder_area=&#8221;post_content&#8221;][et_pb_text _builder_version=&#8221;4.25.0&#8243; _module_preset=&#8221;default&#8221; text_font_size=&#8221;18px&#8221; text_line_height=&#8221;1.8em&#8221; hover_enabled=&#8221;0&#8243; global_colors_info=&#8221;{}&#8221; theme_builder_area=&#8221;post_content&#8221; sticky_enabled=&#8221;0&#8243;]<\/p>\n<h2>Us presentem l\u2019\u00c0mfora del mar<\/h2>\n<p>Aquest passat 19 d\u2019abril, al teatret del Serrallo de Tarragona, vam presentar oficialment un projecte carregat d\u2019il\u00b7lusi\u00f3 i identitat tarragonina. Es tracta de 50 \u00e0mfores plenes de malvasia de <strong><a href=\"https:\/\/masvicens.com\/\">Mas Vicen\u00e7<\/a><\/strong> i que han estat 400 dies submergides a les profunditats de les aig\u00fces del Port de Tarragona.<\/p>\n<p><em>&#8216;Si progressem com a esp\u00e8cie humana \u00e9s perqu\u00e8 hi ha persones que es compliquen la vida&#8217;, <\/em>afirmava Rafa L\u00f3pez-Monn\u00e9, director d&#8217;Acci\u00f3 Clim\u00e0tica i Territori al Port de Tarragona.<\/p>\n<p><em>\u2018Sembla un Barcel\u00f3\u2019,<\/em> comentava una artista present a la presentaci\u00f3. Els coralls s\u2019impregnen sobre la terrissa i li donen una aparen\u00e7a diferent a cada pe\u00e7a.<\/p>\n<p><strong>I el mar? Qu\u00e8 li aporta realment al vi?<\/strong> De moment, i tot i que estem en fase d\u2019investigaci\u00f3, observem que el vi guanya en cremositat degut a les constants corrents marines i la vessant salina del vi es veu pronunciada, sense perdre la identitat arom\u00e0tica tant floral de la malvasia.<\/p>\n<p>El projecte ha iniciat de la m\u00e0 de dos cellers m\u00e9s del camp de Tarragona (Vinyes del Tiet Pere de Vilabella i Celler Pallarades de Puigdelf\u00ed) i sota el paraigua de l\u2019asociaci\u00f3 Taula de Vi i la intenci\u00f3 \u00e9s seguir fent immersions. De moment, ja hem reservat g\u00e0bies per a sugmergir-ne 150 m\u00e9s.<\/p>\n<p>Esperem que gaudiu d\u2019aquesta exclusiva experi\u00e8ncia mediterr\u00e0nia.<\/p>\n<p><strong><em>Equip de Mas Vicen\u00e7<\/em><\/strong><\/p>\n<p>[\/et_pb_text][\/et_pb_column][et_pb_column type=&#8221;1_2&#8243; _builder_version=&#8221;4.21.0&#8243; _module_preset=&#8221;default&#8221; global_colors_info=&#8221;{}&#8221; theme_builder_area=&#8221;post_content&#8221;][et_pb_image src=&#8221;https:\/\/masvicens.com\/wp-content\/uploads\/2024\/05\/MSV-Amfora-Platja-8.webp&#8221; alt=&#8221;\u00e0mfora mas vicens&#8221; title_text=&#8221;\u00e0mfora mas vicens&#8221; _builder_version=&#8221;4.25.0&#8243; _module_preset=&#8221;default&#8221; hover_enabled=&#8221;0&#8243; global_colors_info=&#8221;{}&#8221; theme_builder_area=&#8221;post_content&#8221; sticky_enabled=&#8221;0&#8243;][\/et_pb_image][et_pb_image src=&#8221;https:\/\/masvicens.com\/wp-content\/uploads\/2024\/05\/IMG_3156.webp&#8221; alt=&#8221;amfora mar mas vicens&#8221; title_text=&#8221;amfora mar mas vicens&#8221; _builder_version=&#8221;4.25.0&#8243; _module_preset=&#8221;default&#8221; hover_enabled=&#8221;0&#8243; global_colors_info=&#8221;{}&#8221; theme_builder_area=&#8221;post_content&#8221; sticky_enabled=&#8221;0&#8243;][\/et_pb_image][\/et_pb_column][\/et_pb_row][et_pb_row column_structure=&#8221;1_2,1_2&#8243; _builder_version=&#8221;4.21.0&#8243; _module_preset=&#8221;default&#8221; global_colors_info=&#8221;{}&#8221; theme_builder_area=&#8221;post_content&#8221;][et_pb_column type=&#8221;1_2&#8243; _builder_version=&#8221;4.21.0&#8243; _module_preset=&#8221;default&#8221; global_colors_info=&#8221;{}&#8221; theme_builder_area=&#8221;post_content&#8221;][et_pb_image src=&#8221;https:\/\/masvicens.com\/wp-content\/uploads\/2024\/05\/IMG_3130.webp&#8221; alt=&#8221;presentacio amfora &#8221; title_text=&#8221;presentacio amfora &#8221; _builder_version=&#8221;4.25.0&#8243; _module_preset=&#8221;default&#8221; hover_enabled=&#8221;0&#8243; global_colors_info=&#8221;{}&#8221; theme_builder_area=&#8221;post_content&#8221; sticky_enabled=&#8221;0&#8243;][\/et_pb_image][\/et_pb_column][et_pb_column type=&#8221;1_2&#8243; _builder_version=&#8221;4.21.0&#8243; _module_preset=&#8221;default&#8221; global_colors_info=&#8221;{}&#8221; theme_builder_area=&#8221;post_content&#8221;][et_pb_image src=&#8221;https:\/\/masvicens.com\/wp-content\/uploads\/2024\/05\/IMG_3164.webp&#8221; alt=&#8221;roda premsa amfora del mar&#8221; title_text=&#8221;IMG_3164&#8243; _builder_version=&#8221;4.25.0&#8243; _module_preset=&#8221;default&#8221; hover_enabled=&#8221;0&#8243; global_colors_info=&#8221;{}&#8221; theme_builder_area=&#8221;post_content&#8221; sticky_enabled=&#8221;0&#8243;][\/et_pb_image][\/et_pb_column][\/et_pb_row][\/et_pb_section]<\/p>\n","protected":false},"excerpt":{"rendered":"<p>Us presentem l\u2019\u00c0mfora del mar Aquest passat 19 d\u2019abril, al teatret del Serrallo de Tarragona, vam presentar oficialment un projecte carregat d\u2019il\u00b7lusi\u00f3 i identitat tarragonina. Es tracta de 50 \u00e0mfores plenes de malvasia de Mas Vicen\u00e7 i que han estat 400 dies submergides a les profunditats de les aig\u00fces del Port de Tarragona. &#8216;Si progressem [&hellip;]<\/p>\n","protected":false},"author":695,"featured_media":28313,"comment_status":"closed","ping_status":"closed","sticky":false,"template":"","format":"standard","meta":{"_et_pb_use_builder":"on","_et_pb_old_content":"<!-- wp:heading {\"level\":3} -->\n<h3>Verano, brisa, mar y un buen vino rosado. Suave al paladar, fresco y sus aromas frutales que invaden tus sentidos.<\/h3>\n<!-- \/wp:heading -->\n\n<!-- wp:paragraph -->\n<p>Hablar de maridajes entre vinos tintos y blancos es lo m\u00e1s com\u00fan. Tendemos a olvidar a los vinos rosados y su especial encanto, que as\u00ed como los otros vinos tambi\u00e9n tiene sus variedades y muchas formas de maridarlo con deliciosos platos. En <a href=\"https:\/\/masvicens.com\"><strong>Mas Vicen\u00e7<\/strong><\/a> hemos preparado un maridajes de vino rosado que os encantar\u00e1, con nuestro <a href=\"\/?p=642\">Flors i Violes de Mas Vicen\u00e7<\/a> como estrella envitada (como no pod\u00eda ser de otra forma, claro ;))<\/p>\n<!-- \/wp:paragraph -->\n\n<!-- wp:core-embed\/youtube {\"url\":\"https:\/\/www.youtube.com\/watch?v=ujEh-KUUsRM\",\"type\":\"video\",\"providerNameSlug\":\"youtube\",\"className\":\"wp-embed-aspect-16-9 wp-has-aspect-ratio\"} -->\n<figure class=\"wp-block-embed-youtube wp-block-embed is-type-video is-provider-youtube wp-embed-aspect-16-9 wp-has-aspect-ratio\"><div class=\"wp-block-embed__wrapper\">\nhttps:\/\/www.youtube.com\/watch?v=ujEh-KUUsRM\n<\/div><figcaption>Maridajes de vino rosado: El Flors i Violes<\/figcaption><\/figure>\n<!-- \/wp:core-embed\/youtube -->\n\n<!-- wp:paragraph -->\n<p>Pero antes de hablar del maridaje perfecto nos centraremos primero en su elaboraci\u00f3n, con un poco de historia sobre c\u00f3mo el<strong> <\/strong><a href=\"\/?p=642\"><strong>Flors i Violes<\/strong><\/a> es uno de los vinos m\u00e1s representativos de <a href=\"https:\/\/masvicens.com\"><strong>Mas Vicen\u00e7<\/strong><\/a>. <\/p>\n<!-- \/wp:paragraph -->\n\n<!-- wp:image {\"align\":\"right\",\"id\":19811,\"width\":374,\"height\":560,\"sizeSlug\":\"large\"} -->\n<div class=\"wp-block-image\"><figure class=\"alignright size-large is-resized\"><img src=\"https:\/\/masvicens.com\/wp-content\/uploads\/2021\/06\/msv_maridatges2021_-35-1-scaled-684x1024.jpg\" alt=\"Maridajes de vino rosado: El Flors i Violes\" class=\"wp-image-19811\" width=\"374\" height=\"560\"\/><figcaption>El Flors i Violes | Mas Vicen\u00e7<\/figcaption><\/figure><\/div>\n<!-- \/wp:image -->\n\n<!-- wp:paragraph -->\n<p>El <a href=\"\/?p=642\"><strong>Flors i Violes<\/strong><\/a>, el rosado de la casa que naci\u00f3 como commemoraci\u00f3n a los 10 a\u00f1os de la Mas Vicen\u00e7. Especial menci\u00f3n para el vino de la cosecha 2020, memorable por la vendimia tard\u00eda de la garnacha, lo cual permiti\u00f3 alargar su proceso de maduraci\u00f3n sin riesgo.\u00a0<\/p>\n<!-- \/wp:paragraph -->\n\n<!-- wp:paragraph -->\n<p>El vino rosado es posible encontrarlo en diferentes tonalidades, el <a href=\"\/?p=642\"><strong>Flors i Violes<\/strong><\/a> en concreto tiene una capa media tirando a rosado oscuro. Su color es fino con un recuerdo asalmonado, pero se pueden encontrar m\u00e1s p\u00e1lidos e intensos. El tono de los vinos rosados depende de la maceraci\u00f3n en las pieles de la uva negra, los vinos rosados vienen 100% de uvas negras y su piel nos da el color del vino y su estructura.<\/p>\n<!-- \/wp:paragraph -->\n\n<!-- wp:heading {\"level\":3} -->\n<h3>\u00bfComo maridar El Flors i Violes?<\/h3>\n<!-- \/wp:heading -->\n\n<!-- wp:paragraph -->\n<p>Por su apariencia, con un color muy fino y poca estructura, los vinos rosados suelen ser acompa\u00f1ados por ensaladas con productos de temporada, y por qu\u00e9 no con un buen plato de pasta, que desengrasa y agrega un toque divertido al paladar. Su punto refrescante limpia la boca entre bocado y bocado.<\/p>\n<!-- \/wp:paragraph -->\n\n<!-- wp:paragraph -->\n<p>En este maridaje de vinos rosados, encontramos que el <a href=\"\/?p=642\"><strong>Flors i Violes<\/strong><\/a> marida perfecto con una noche de tapas o fusion\u00e1ndolo con la cocina mediterr\u00e1nea y asi\u00e1tica: arroces, sushi, carpaccios o tartares, con aromas ecl\u00e9cticos que juegan mucho con el toque afrutado que tiene este vino en particular.\u00a0<\/p>\n<!-- \/wp:paragraph -->\n\n<!-- wp:paragraph -->\n<p><\/p>\n<!-- \/wp:paragraph -->\n\n<!-- wp:paragraph -->\n<p><\/p>\n<!-- \/wp:paragraph -->\n\n<!-- wp:image {\"align\":\"left\",\"id\":19815,\"width\":568,\"height\":379,\"sizeSlug\":\"large\"} -->\n<div class=\"wp-block-image\"><figure class=\"alignleft size-large is-resized\"><img src=\"https:\/\/masvicens.com\/wp-content\/uploads\/2021\/06\/msv_maridatges2021_-6-scaled-1024x684.jpg\" alt=\"Maridajes de vino rosado: El Flors i Violes\" class=\"wp-image-19815\" width=\"568\" height=\"379\"\/><figcaption>Maridajes de vino rosado: El Flors i Violes<\/figcaption><\/figure><\/div>\n<!-- \/wp:image -->\n\n<!-- wp:paragraph -->\n<p><\/p>\n<!-- \/wp:paragraph -->\n\n<!-- wp:paragraph -->\n<p><\/p>\n<!-- \/wp:paragraph -->\n\n<!-- wp:paragraph -->\n<p>Tendemos a pensar en los vinos rosados como vinos de verano, pero lo cierto es que son perfectamente v\u00e1lidos durante otras \u00e9pocas del a\u00f1o, como por ejemplo navidad. Tambi\u00e9n es posible maridarlos con entrantes, ya que tienen un poco m\u00e1s de volumen que un vino blanco joven y por tal raz\u00f3n acompa\u00f1an muy bien con quesos blandos como el queso de cabra, Camembert y Brie, y con platos de pasta que tienen m\u00e1s consistencia.<\/p>\n<!-- \/wp:paragraph -->\n\n<!-- wp:paragraph -->\n<p><\/p>\n<!-- \/wp:paragraph -->\n\n<!-- wp:paragraph -->\n<p><\/p>\n<!-- \/wp:paragraph -->\n\n<!-- wp:paragraph -->\n<p><\/p>\n<!-- \/wp:paragraph -->\n\n<!-- wp:paragraph -->\n<p>Disfrutad de todos los maridajes que pueden incluir el <a href=\"\/?p=642\"><strong>Flors i Violes<\/strong><\/a>, un vino para toda ocasi\u00f3n, sin olvidar que este vino debe estar siempre fr\u00edo pero no en exceso, debe estar un poco m\u00e1s caliente que un vino blanco y estar m\u00e1s fr\u00edo que un vino tinto. \u00bfNos cont\u00e1is con qu\u00e9 us gusta a vosotrxs maridar un vino rosado como el Flors i Violes?<\/p>\n<!-- \/wp:paragraph -->\n\n<!-- wp:paragraph -->\n<p>Salud!<\/p>\n<!-- \/wp:paragraph -->","_et_gb_content_width":"1080","inline_featured_image":false,"_joinchat":[],"footnotes":""},"categories":[41],"tags":[104],"class_list":["post-28303","post","type-post","status-publish","format-standard","has-post-thumbnail","hentry","category-non-classifiee","tag-el-flors-i-violes-fr"],"yoast_head":"<!-- This site is optimized with the Yoast SEO plugin v27.5 - https:\/\/yoast.com\/product\/yoast-seo-wordpress\/ -->\n<title>\u00c0mfora del mar I Mas Vicen\u00e7<\/title>\n<meta name=\"description\" content=\"50 \u00e0mfores plenes de malvasia de Mas Vicen que han estat 400 dies submergides a les profunditats de les aig\u00fces del Port de Tarragona.\" \/>\n<meta name=\"robots\" content=\"index, follow, max-snippet:-1, max-image-preview:large, max-video-preview:-1\" \/>\n<link rel=\"canonical\" href=\"https:\/\/masvicens.com\/fr\/amfora-del-mar\/\" \/>\n<meta property=\"og:locale\" content=\"fr_FR\" \/>\n<meta property=\"og:type\" content=\"article\" \/>\n<meta property=\"og:title\" content=\"\u00c0mfora del mar I Mas Vicen\u00e7\" \/>\n<meta property=\"og:description\" content=\"50 \u00e0mfores plenes de malvasia de Mas Vicen que han estat 400 dies submergides a les profunditats de les aig\u00fces del Port de Tarragona.\" \/>\n<meta property=\"og:url\" content=\"https:\/\/masvicens.com\/fr\/amfora-del-mar\/\" \/>\n<meta property=\"og:site_name\" content=\"Celler Mas Vicen\u00e7 | Re-evolucionant la tradici\u00f3\" \/>\n<meta property=\"article:published_time\" content=\"2024-05-16T08:55:10+00:00\" \/>\n<meta property=\"article:modified_time\" content=\"2025-04-30T00:14:14+00:00\" \/>\n<meta property=\"og:image\" content=\"https:\/\/masvicens.com\/wp-content\/uploads\/2024\/05\/IMG_3140.webp\" \/>\n\t<meta property=\"og:image:width\" content=\"1440\" \/>\n\t<meta property=\"og:image:height\" content=\"1080\" \/>\n\t<meta property=\"og:image:type\" content=\"image\/webp\" \/>\n<meta name=\"author\" content=\"Ariadna Belmonte\" \/>\n<meta name=\"twitter:card\" content=\"summary_large_image\" \/>\n<meta name=\"twitter:label1\" content=\"\u00c9crit par\" \/>\n\t<meta name=\"twitter:data1\" content=\"Ariadna Belmonte\" \/>\n\t<meta name=\"twitter:label2\" content=\"Dur\u00e9e de lecture estim\u00e9e\" \/>\n\t<meta name=\"twitter:data2\" content=\"3 minutes\" \/>\n<script type=\"application\/ld+json\" class=\"yoast-schema-graph\">{\"@context\":\"https:\\\/\\\/schema.org\",\"@graph\":[{\"@type\":\"Article\",\"@id\":\"https:\\\/\\\/masvicens.com\\\/fr\\\/amfora-del-mar\\\/#article\",\"isPartOf\":{\"@id\":\"https:\\\/\\\/masvicens.com\\\/fr\\\/amfora-del-mar\\\/\"},\"author\":{\"name\":\"Ariadna Belmonte\",\"@id\":\"https:\\\/\\\/masvicens.com\\\/fr\\\/#\\\/schema\\\/person\\\/8cd4af8d5435c06f0df80058cf38545e\"},\"headline\":\"\u00c0mfora del mar\",\"datePublished\":\"2024-05-16T08:55:10+00:00\",\"dateModified\":\"2025-04-30T00:14:14+00:00\",\"mainEntityOfPage\":{\"@id\":\"https:\\\/\\\/masvicens.com\\\/fr\\\/amfora-del-mar\\\/\"},\"wordCount\":585,\"image\":{\"@id\":\"https:\\\/\\\/masvicens.com\\\/fr\\\/amfora-del-mar\\\/#primaryimage\"},\"thumbnailUrl\":\"https:\\\/\\\/masvicens.com\\\/wp-content\\\/uploads\\\/2024\\\/05\\\/IMG_3140.webp\",\"keywords\":[\"el flors I violes\"],\"articleSection\":[\"Non classifi\u00e9(e)\"],\"inLanguage\":\"fr-FR\"},{\"@type\":\"WebPage\",\"@id\":\"https:\\\/\\\/masvicens.com\\\/fr\\\/amfora-del-mar\\\/\",\"url\":\"https:\\\/\\\/masvicens.com\\\/fr\\\/amfora-del-mar\\\/\",\"name\":\"\u00c0mfora del mar I Mas Vicen\u00e7\",\"isPartOf\":{\"@id\":\"https:\\\/\\\/masvicens.com\\\/fr\\\/#website\"},\"primaryImageOfPage\":{\"@id\":\"https:\\\/\\\/masvicens.com\\\/fr\\\/amfora-del-mar\\\/#primaryimage\"},\"image\":{\"@id\":\"https:\\\/\\\/masvicens.com\\\/fr\\\/amfora-del-mar\\\/#primaryimage\"},\"thumbnailUrl\":\"https:\\\/\\\/masvicens.com\\\/wp-content\\\/uploads\\\/2024\\\/05\\\/IMG_3140.webp\",\"datePublished\":\"2024-05-16T08:55:10+00:00\",\"dateModified\":\"2025-04-30T00:14:14+00:00\",\"author\":{\"@id\":\"https:\\\/\\\/masvicens.com\\\/fr\\\/#\\\/schema\\\/person\\\/8cd4af8d5435c06f0df80058cf38545e\"},\"description\":\"50 \u00e0mfores plenes de malvasia de Mas Vicen que han estat 400 dies submergides a les profunditats de les aig\u00fces del Port de Tarragona.\",\"breadcrumb\":{\"@id\":\"https:\\\/\\\/masvicens.com\\\/fr\\\/amfora-del-mar\\\/#breadcrumb\"},\"inLanguage\":\"fr-FR\",\"potentialAction\":[{\"@type\":\"ReadAction\",\"target\":[\"https:\\\/\\\/masvicens.com\\\/fr\\\/amfora-del-mar\\\/\"]}]},{\"@type\":\"ImageObject\",\"inLanguage\":\"fr-FR\",\"@id\":\"https:\\\/\\\/masvicens.com\\\/fr\\\/amfora-del-mar\\\/#primaryimage\",\"url\":\"https:\\\/\\\/masvicens.com\\\/wp-content\\\/uploads\\\/2024\\\/05\\\/IMG_3140.webp\",\"contentUrl\":\"https:\\\/\\\/masvicens.com\\\/wp-content\\\/uploads\\\/2024\\\/05\\\/IMG_3140.webp\",\"width\":1440,\"height\":1080,\"caption\":\"\u00c0mfora del mar\"},{\"@type\":\"BreadcrumbList\",\"@id\":\"https:\\\/\\\/masvicens.com\\\/fr\\\/amfora-del-mar\\\/#breadcrumb\",\"itemListElement\":[{\"@type\":\"ListItem\",\"position\":1,\"name\":\"Portada\",\"item\":\"https:\\\/\\\/masvicens.com\\\/fr\\\/\"},{\"@type\":\"ListItem\",\"position\":2,\"name\":\"\u00c0mfora del mar\"}]},{\"@type\":\"WebSite\",\"@id\":\"https:\\\/\\\/masvicens.com\\\/fr\\\/#website\",\"url\":\"https:\\\/\\\/masvicens.com\\\/fr\\\/\",\"name\":\"Celler Mas Vicen\u00e7 | Re-evolucionant la tradici\u00f3\",\"description\":\"Veniu a viure l&#039;enoturisme i a con\u00e8ixer la nostra col\u00b7lecci\u00f3 de vins elaborats amb la millor selecci\u00f3 de ra\u00efm del nostre celler a Tarragona.\",\"potentialAction\":[{\"@type\":\"SearchAction\",\"target\":{\"@type\":\"EntryPoint\",\"urlTemplate\":\"https:\\\/\\\/masvicens.com\\\/fr\\\/?s={search_term_string}\"},\"query-input\":{\"@type\":\"PropertyValueSpecification\",\"valueRequired\":true,\"valueName\":\"search_term_string\"}}],\"inLanguage\":\"fr-FR\"},{\"@type\":\"Person\",\"@id\":\"https:\\\/\\\/masvicens.com\\\/fr\\\/#\\\/schema\\\/person\\\/8cd4af8d5435c06f0df80058cf38545e\",\"name\":\"Ariadna Belmonte\",\"image\":{\"@type\":\"ImageObject\",\"inLanguage\":\"fr-FR\",\"@id\":\"https:\\\/\\\/secure.gravatar.com\\\/avatar\\\/88a4e670eb7b487d0d773b3e21701535dddb29c6936349f60bf288306beb276e?s=96&d=mm&r=g\",\"url\":\"https:\\\/\\\/secure.gravatar.com\\\/avatar\\\/88a4e670eb7b487d0d773b3e21701535dddb29c6936349f60bf288306beb276e?s=96&d=mm&r=g\",\"contentUrl\":\"https:\\\/\\\/secure.gravatar.com\\\/avatar\\\/88a4e670eb7b487d0d773b3e21701535dddb29c6936349f60bf288306beb276e?s=96&d=mm&r=g\",\"caption\":\"Ariadna Belmonte\"},\"url\":\"https:\\\/\\\/masvicens.com\\\/fr\\\/author\\\/abelmonte\\\/\"}]}<\/script>\n<!-- \/ Yoast SEO plugin. -->","yoast_head_json":{"title":"\u00c0mfora del mar I Mas Vicen\u00e7","description":"50 \u00e0mfores plenes de malvasia de Mas Vicen que han estat 400 dies submergides a les profunditats de les aig\u00fces del Port de Tarragona.","robots":{"index":"index","follow":"follow","max-snippet":"max-snippet:-1","max-image-preview":"max-image-preview:large","max-video-preview":"max-video-preview:-1"},"canonical":"https:\/\/masvicens.com\/fr\/amfora-del-mar\/","og_locale":"fr_FR","og_type":"article","og_title":"\u00c0mfora del mar I Mas Vicen\u00e7","og_description":"50 \u00e0mfores plenes de malvasia de Mas Vicen que han estat 400 dies submergides a les profunditats de les aig\u00fces del Port de Tarragona.","og_url":"https:\/\/masvicens.com\/fr\/amfora-del-mar\/","og_site_name":"Celler Mas Vicen\u00e7 | Re-evolucionant la tradici\u00f3","article_published_time":"2024-05-16T08:55:10+00:00","article_modified_time":"2025-04-30T00:14:14+00:00","og_image":[{"width":1440,"height":1080,"url":"https:\/\/masvicens.com\/wp-content\/uploads\/2024\/05\/IMG_3140.webp","type":"image\/webp"}],"author":"Ariadna Belmonte","twitter_card":"summary_large_image","twitter_misc":{"\u00c9crit par":"Ariadna Belmonte","Dur\u00e9e de lecture estim\u00e9e":"3 minutes"},"schema":{"@context":"https:\/\/schema.org","@graph":[{"@type":"Article","@id":"https:\/\/masvicens.com\/fr\/amfora-del-mar\/#article","isPartOf":{"@id":"https:\/\/masvicens.com\/fr\/amfora-del-mar\/"},"author":{"name":"Ariadna Belmonte","@id":"https:\/\/masvicens.com\/fr\/#\/schema\/person\/8cd4af8d5435c06f0df80058cf38545e"},"headline":"\u00c0mfora del mar","datePublished":"2024-05-16T08:55:10+00:00","dateModified":"2025-04-30T00:14:14+00:00","mainEntityOfPage":{"@id":"https:\/\/masvicens.com\/fr\/amfora-del-mar\/"},"wordCount":585,"image":{"@id":"https:\/\/masvicens.com\/fr\/amfora-del-mar\/#primaryimage"},"thumbnailUrl":"https:\/\/masvicens.com\/wp-content\/uploads\/2024\/05\/IMG_3140.webp","keywords":["el flors I violes"],"articleSection":["Non classifi\u00e9(e)"],"inLanguage":"fr-FR"},{"@type":"WebPage","@id":"https:\/\/masvicens.com\/fr\/amfora-del-mar\/","url":"https:\/\/masvicens.com\/fr\/amfora-del-mar\/","name":"\u00c0mfora del mar I Mas Vicen\u00e7","isPartOf":{"@id":"https:\/\/masvicens.com\/fr\/#website"},"primaryImageOfPage":{"@id":"https:\/\/masvicens.com\/fr\/amfora-del-mar\/#primaryimage"},"image":{"@id":"https:\/\/masvicens.com\/fr\/amfora-del-mar\/#primaryimage"},"thumbnailUrl":"https:\/\/masvicens.com\/wp-content\/uploads\/2024\/05\/IMG_3140.webp","datePublished":"2024-05-16T08:55:10+00:00","dateModified":"2025-04-30T00:14:14+00:00","author":{"@id":"https:\/\/masvicens.com\/fr\/#\/schema\/person\/8cd4af8d5435c06f0df80058cf38545e"},"description":"50 \u00e0mfores plenes de malvasia de Mas Vicen que han estat 400 dies submergides a les profunditats de les aig\u00fces del Port de Tarragona.","breadcrumb":{"@id":"https:\/\/masvicens.com\/fr\/amfora-del-mar\/#breadcrumb"},"inLanguage":"fr-FR","potentialAction":[{"@type":"ReadAction","target":["https:\/\/masvicens.com\/fr\/amfora-del-mar\/"]}]},{"@type":"ImageObject","inLanguage":"fr-FR","@id":"https:\/\/masvicens.com\/fr\/amfora-del-mar\/#primaryimage","url":"https:\/\/masvicens.com\/wp-content\/uploads\/2024\/05\/IMG_3140.webp","contentUrl":"https:\/\/masvicens.com\/wp-content\/uploads\/2024\/05\/IMG_3140.webp","width":1440,"height":1080,"caption":"\u00c0mfora del mar"},{"@type":"BreadcrumbList","@id":"https:\/\/masvicens.com\/fr\/amfora-del-mar\/#breadcrumb","itemListElement":[{"@type":"ListItem","position":1,"name":"Portada","item":"https:\/\/masvicens.com\/fr\/"},{"@type":"ListItem","position":2,"name":"\u00c0mfora del mar"}]},{"@type":"WebSite","@id":"https:\/\/masvicens.com\/fr\/#website","url":"https:\/\/masvicens.com\/fr\/","name":"Celler Mas Vicen\u00e7 | Re-evolucionant la tradici\u00f3","description":"Veniu a viure l&#039;enoturisme i a con\u00e8ixer la nostra col\u00b7lecci\u00f3 de vins elaborats amb la millor selecci\u00f3 de ra\u00efm del nostre celler a Tarragona.","potentialAction":[{"@type":"SearchAction","target":{"@type":"EntryPoint","urlTemplate":"https:\/\/masvicens.com\/fr\/?s={search_term_string}"},"query-input":{"@type":"PropertyValueSpecification","valueRequired":true,"valueName":"search_term_string"}}],"inLanguage":"fr-FR"},{"@type":"Person","@id":"https:\/\/masvicens.com\/fr\/#\/schema\/person\/8cd4af8d5435c06f0df80058cf38545e","name":"Ariadna Belmonte","image":{"@type":"ImageObject","inLanguage":"fr-FR","@id":"https:\/\/secure.gravatar.com\/avatar\/88a4e670eb7b487d0d773b3e21701535dddb29c6936349f60bf288306beb276e?s=96&d=mm&r=g","url":"https:\/\/secure.gravatar.com\/avatar\/88a4e670eb7b487d0d773b3e21701535dddb29c6936349f60bf288306beb276e?s=96&d=mm&r=g","contentUrl":"https:\/\/secure.gravatar.com\/avatar\/88a4e670eb7b487d0d773b3e21701535dddb29c6936349f60bf288306beb276e?s=96&d=mm&r=g","caption":"Ariadna Belmonte"},"url":"https:\/\/masvicens.com\/fr\/author\/abelmonte\/"}]}},"_links":{"self":[{"href":"https:\/\/masvicens.com\/fr\/wp-json\/wp\/v2\/posts\/28303","targetHints":{"allow":["GET"]}}],"collection":[{"href":"https:\/\/masvicens.com\/fr\/wp-json\/wp\/v2\/posts"}],"about":[{"href":"https:\/\/masvicens.com\/fr\/wp-json\/wp\/v2\/types\/post"}],"author":[{"embeddable":true,"href":"https:\/\/masvicens.com\/fr\/wp-json\/wp\/v2\/users\/695"}],"replies":[{"embeddable":true,"href":"https:\/\/masvicens.com\/fr\/wp-json\/wp\/v2\/comments?post=28303"}],"version-history":[{"count":6,"href":"https:\/\/masvicens.com\/fr\/wp-json\/wp\/v2\/posts\/28303\/revisions"}],"predecessor-version":[{"id":29430,"href":"https:\/\/masvicens.com\/fr\/wp-json\/wp\/v2\/posts\/28303\/revisions\/29430"}],"wp:featuredmedia":[{"embeddable":true,"href":"https:\/\/masvicens.com\/fr\/wp-json\/wp\/v2\/media\/28313"}],"wp:attachment":[{"href":"https:\/\/masvicens.com\/fr\/wp-json\/wp\/v2\/media?parent=28303"}],"wp:term":[{"taxonomy":"category","embeddable":true,"href":"https:\/\/masvicens.com\/fr\/wp-json\/wp\/v2\/categories?post=28303"},{"taxonomy":"post_tag","embeddable":true,"href":"https:\/\/masvicens.com\/fr\/wp-json\/wp\/v2\/tags?post=28303"}],"curies":[{"name":"wp","href":"https:\/\/api.w.org\/{rel}","templated":true}]}}